{"id":528,"date":"2023-04-28T10:09:19","date_gmt":"2023-04-28T10:09:19","guid":{"rendered":"https:\/\/www.historydefinesourfuture.sk\/?p=528"},"modified":"2023-04-28T10:10:30","modified_gmt":"2023-04-28T10:10:30","slug":"we-invite-you-to-the-opening-of-the-exhibition-called-memory-as-reference","status":"publish","type":"post","link":"https:\/\/www.historydefinesourfuture.sk\/en\/we-invite-you-to-the-opening-of-the-exhibition-called-memory-as-reference\/","title":{"rendered":"WE INVITE YOU TO THE OPENING OF THE EXHIBITION CALLED MEMORY AS REFERENCE"},"content":{"rendered":"\n<p><br><strong>Have we triumphed over fascism and Nazism?<\/strong><\/p>\n\n\n\n<p>Officially, yes, by defeating them in World War II. That is why the 8th and 9th of May belong not only in Europe, but also in the world, to the celebration of the victory over the ideologies that have devastated democracy.<\/p>\n\n\n\n<p><strong>On 8 May 2023, The Day of Victory over Fascism, <\/strong>we are opening an exhibition <strong>at 5 p.m. at an important place in our modern memory, the Museum of holocaust in Sere\u010f,<\/strong> where a labour and concentration camp was located during the war, entitled<\/p>\n\n\n\n<p><strong>&#8220;MEMORY AS REFERENCE. CRITICAL CONTEXTS OF THE SLOVAK STATE IN CONTEMPORARY VISUAL ART.<\/strong>&#8220;<\/p>\n\n\n\n<p>Authors of visual arts: Daniela Kraj\u010dov\u00e1, Kl\u00e1ra Kus\u00e1, Zorka Ledn\u00e1rov\u00e1, Marcel Mali\u0161, Mat\u00fa\u0161 Mat\u00e1tko and Filip Sabol, Erika M\u00e9sz\u00e1rosov\u00e1 <strong>have used memory as a reference in their work.<\/strong><\/p>\n\n\n\n<p><em>&#8220;Most of the presented authors at the exhibition are devoted to individual studies of authoritarian regimes, totalitarian propaganda, visual culture of the time, as well as oral history mapping the impact of political decisions on specific human lives. The authors are looking for proxy themes in the tangle of historical layers that have the potential to create a context with the current political and social situation,&#8221; explains <strong>the curator of exhibition, Bohunka Koklesov\u00e1.<\/strong><\/em><\/p>\n\n\n\n<p><strong>The Holocaust did not happen overnight. <\/strong>It was preceded by a crisis in society after the World War I, which opened up the space for populism and political platitudes in the form of easy solutions. A regime came to power democratically, in which not only democracy, but also freedom and human rights were completely lost. The facts of great history are told in the exhibition in the historical development of events. And how did they affect the small ones, i.e. the lives of ordinary people?<\/p>\n\n\n\n<p>We bring these to your attention through <strong>short films by Post Bellum and The Norwegian Center for Holocaust and Minority Studies.<\/strong><\/p>\n\n\n\n<p>Curator of exhibiton: Bohunka Koklesov\u00e1<\/p>\n\n\n\n<p>Authors of visual art in exhibition: Daniela Kraj\u010dov\u00e1, Kl\u00e1ra Kus\u00e1, Zorka Ledn\u00e1rov\u00e1, Marcel Mali\u0161, Mat\u00fa\u0161 Mat\u00e1tko and Filip Sabol, Erika Mesz\u00e1rosov\u00e1<\/p>\n\n\n\n<p>Historical context and stories of the 20th century: Matej Ber\u00e1nek, Dominik Janovsk\u00fd, Martina L\u00e1bajov\u00e1, Sandra Polovkov\u00e1<br>Architect of exhibition: Peter Li\u0161ka<br>Graphic designer: Marek Nov\u00e1k<br>Production: Nina Pompo\u0161ov\u00e1<\/p>\n\n\n\n<p>The project called HISTORY DEFINES OUR FUTURE is implemented within the framework of the programme \u201cEntrepreneurship in the field of culture, cultural heritage and cultural cooperation\u201d co-financed by the Financial Mechanism of the European Economic Area 2014-2021 and the state budget of the Slovak Republic. The programme manager is the Ministry of Investment, Regional Development and Informatization of the Slovak Republic.<\/p>\n\n\n\n<p>The project was supported by EVZ Foundation<\/p>\n\n\n\n<p><\/p>\n\n\n\n<p><strong>The main organizer<\/strong><\/p>\n\n\n\n<p>Post Bellum SK<\/p>\n\n\n\n<div class=\"wp-block-columns is-layout-flex wp-container-core-columns-is-layout-9d6595d7 wp-block-columns-is-layout-flex\">\n<div class=\"wp-block-column is-layout-flow wp-block-column-is-layout-flow\" style=\"flex-basis:100%\">\n<p><strong>Partners<\/strong><br>Slovak National Museum, Museum of Jewish Culture, Museum of holocaust in Sere\u010f<br>Edah o.z.<br>The Norwegian Center for Holocaust and Minority Studies<\/p>\n<\/div>\n<\/div>\n\n\n\n<div class=\"wp-block-columns is-layout-flex wp-container-core-columns-is-layout-9d6595d7 wp-block-columns-is-layout-flex\">\n<div class=\"wp-block-column is-layout-flow wp-block-column-is-layout-flow\" style=\"flex-basis:100%\">\n<p><strong>Media partners<\/strong><br>Denn\u00edk N<br>Citylife.sk<br>R\u00e1dio_FM<br>BigMedia s.r.o.<\/p>\n<\/div>\n<\/div>\n\n\n\n<figure class=\"wp-block-image size-large\"><img loading=\"lazy\" decoding=\"async\" width=\"1024\" height=\"1024\" src=\"https:\/\/www.historydefinesourfuture.sk\/wp-content\/uploads\/2023\/04\/POST-BELLUM-2023-VYSTAVA-IG-2000-X-2000-1024x1024.png\" alt=\"\" class=\"wp-image-517\" srcset=\"https:\/\/www.historydefinesourfuture.sk\/wp-content\/uploads\/2023\/04\/POST-BELLUM-2023-VYSTAVA-IG-2000-X-2000-1024x1024.png 1024w, https:\/\/www.historydefinesourfuture.sk\/wp-content\/uploads\/2023\/04\/POST-BELLUM-2023-VYSTAVA-IG-2000-X-2000-300x300.png 300w, https:\/\/www.historydefinesourfuture.sk\/wp-content\/uploads\/2023\/04\/POST-BELLUM-2023-VYSTAVA-IG-2000-X-2000-768x768.png 768w, https:\/\/www.historydefinesourfuture.sk\/wp-content\/uploads\/2023\/04\/POST-BELLUM-2023-VYSTAVA-IG-2000-X-2000-1536x1536.png 1536w, https:\/\/www.historydefinesourfuture.sk\/wp-content\/uploads\/2023\/04\/POST-BELLUM-2023-VYSTAVA-IG-2000-X-2000.png 2000w\" sizes=\"auto, (max-width: 1024px) 100vw, 1024px\" \/><\/figure>\n","protected":false},"excerpt":{"rendered":"<p>Have we triumphed over fascism and Nazism? Officially, yes, by defeating them in World War II. That is why the 8th and 9th of May belong not only in Europe, but also in the world, to the celebration of the victory over the ideologies that have devastated democracy. On 8 May 2023, The Day of [&hellip;]<\/p>\n","protected":false},"author":4,"featured_media":521,"comment_status":"closed","ping_status":"closed","sticky":false,"template":"","format":"standard","meta":{"footnotes":""},"categories":[14],"tags":[],"class_list":["post-528","post","type-post","status-publish","format-standard","has-post-thumbnail","hentry","category-aktuality-en"],"acf":[],"_links":{"self":[{"href":"https:\/\/www.historydefinesourfuture.sk\/en\/wp-json\/wp\/v2\/posts\/528","targetHints":{"allow":["GET"]}}],"collection":[{"href":"https:\/\/www.historydefinesourfuture.sk\/en\/wp-json\/wp\/v2\/posts"}],"about":[{"href":"https:\/\/www.historydefinesourfuture.sk\/en\/wp-json\/wp\/v2\/types\/post"}],"author":[{"embeddable":true,"href":"https:\/\/www.historydefinesourfuture.sk\/en\/wp-json\/wp\/v2\/users\/4"}],"replies":[{"embeddable":true,"href":"https:\/\/www.historydefinesourfuture.sk\/en\/wp-json\/wp\/v2\/comments?post=528"}],"version-history":[{"count":2,"href":"https:\/\/www.historydefinesourfuture.sk\/en\/wp-json\/wp\/v2\/posts\/528\/revisions"}],"predecessor-version":[{"id":530,"href":"https:\/\/www.historydefinesourfuture.sk\/en\/wp-json\/wp\/v2\/posts\/528\/revisions\/530"}],"wp:featuredmedia":[{"embeddable":true,"href":"https:\/\/www.historydefinesourfuture.sk\/en\/wp-json\/wp\/v2\/media\/521"}],"wp:attachment":[{"href":"https:\/\/www.historydefinesourfuture.sk\/en\/wp-json\/wp\/v2\/media?parent=528"}],"wp:term":[{"taxonomy":"category","embeddable":true,"href":"https:\/\/www.historydefinesourfuture.sk\/en\/wp-json\/wp\/v2\/categories?post=528"},{"taxonomy":"post_tag","embeddable":true,"href":"https:\/\/www.historydefinesourfuture.sk\/en\/wp-json\/wp\/v2\/tags?post=528"}],"curies":[{"name":"wp","href":"https:\/\/api.w.org\/{rel}","templated":true}]}}