{"id":535,"date":"2023-05-19T08:22:14","date_gmt":"2023-05-19T08:22:14","guid":{"rendered":"https:\/\/www.historydefinesourfuture.sk\/?p=535"},"modified":"2023-05-19T08:22:15","modified_gmt":"2023-05-19T08:22:15","slug":"the-opening-of-exhibiton-memory-as-a-reference","status":"publish","type":"post","link":"https:\/\/www.historydefinesourfuture.sk\/en\/the-opening-of-exhibiton-memory-as-a-reference\/","title":{"rendered":"The opening of exhibiton MEMORY AS A REFERENCE"},"content":{"rendered":"\n<p><strong>On May 8, the Day of Victory over Fascism, we opened an exhibition in Museum of holocaust in Sere\u010f<\/strong>, <strong>entitled &#8220;MEMORY AS A REFERENCE. CRITICAL CONTEXTS OF THE SLOVAK STATE IN CONTEMPORARY VISUAL ART.&#8221; The exhibition can be viewed here until September 7, 2023.<\/strong><\/p>\n\n\n\n<p>You can watch the video from opening of exhibition: <a rel=\"noreferrer noopener\" href=\"https:\/\/youtu.be\/HBZg3_0QoBM\" target=\"_blank\">https:\/\/youtu.be\/HBZg3_0QoBM<\/a><\/p>\n\n\n\n<figure class=\"wp-block-embed is-type-video is-provider-youtube wp-block-embed-youtube wp-embed-aspect-16-9 wp-has-aspect-ratio\"><div class=\"wp-block-embed__wrapper\">\n<iframe loading=\"lazy\" title=\"Otvorili sme v\u00fdstavu PAM\u00c4\u0164 AKO REFERENCIA. Nav\u0161t\u00edvi\u0165 ju m\u00f4\u017eete do 7. septembra 2023\" width=\"500\" height=\"281\" src=\"https:\/\/www.youtube.com\/embed\/HBZg3_0QoBM?feature=oembed&#038;modestbranding=1&#038;showinfo=0&#038;rel=0\" frameborder=\"0\" allow=\"accelerometer; autoplay; clipboard-write; encrypted-media; gyroscope; picture-in-picture; web-share\" referrerpolicy=\"strict-origin-when-cross-origin\" allowfullscreen><\/iframe>\n<\/div><\/figure>\n\n\n\n<p><strong>Video:<\/strong>&nbsp;Dominik Janovsk\u00fd<\/p>\n\n\n\n<p><strong>Curator of exhibition:<\/strong>\u00a0Bohunka Koklesov\u00e1<\/p>\n\n\n\n<p><strong>Authors of visual art in exhibiton:<\/strong>\u00a0Daniela Kraj\u010dov\u00e1, Kl\u00e1ra Kus\u00e1, Zorka Ledn\u00e1rov\u00e1, Marcel Mali\u0161, Mat\u00fa\u0161 Ma\u0165\u00e1tko a Filip Sabol, Erika Mesz\u00e1rosov\u00e1<\/p>\n\n\n\n<p><strong>Historical context and stories of the 20th century:<\/strong>\u00a0Matej Ber\u00e1nek, Dominik Janovsk\u00fd, Martina L\u00e1bajov\u00e1, Sandra Polovkov\u00e1<br><strong>Architect of exhibiton:<\/strong>\u00a0Peter Li\u0161ka <br><strong>Graphic designer:<\/strong>\u00a0Marek Nov\u00e1k<br><strong>Production:<\/strong>\u00a0Nina Pompo\u0161ov\u00e1<\/p>\n\n\n\n<p>The project called HISTORY DEFINES OUR FUTURE is implemented within the framework of the programme \u201cEntrepreneurship in the field of culture, cultural heritage and cultural cooperation\u201d co-financed by the Financial Mechanism of the European Economic Area 2014-2021 and the state budget of the Slovak Republic. The programme manager is the Ministry of Investment, Regional Development and Informatization of the Slovak Republic.<\/p>\n\n\n\n<p>The project was supported by EVZ Foundation<\/p>\n\n\n\n<p><strong>Partners<\/strong><br>Slovak National Museum, Museum of Jewish Culture, Museum of holocaust in Sere\u010f<br>Edah o.z., The Norwegian Center for Holocaust and Minority Studies<\/p>\n\n\n\n<p><strong>Media partners<\/strong>: Denn\u00edk N, Citylife.sk, R\u00e1dio_FM, BigMedia s.r.o.<\/p>\n","protected":false},"excerpt":{"rendered":"<p>On May 8, the Day of Victory over Fascism, we opened an exhibition in Museum of holocaust in Sere\u010f, entitled &#8220;MEMORY AS A REFERENCE. CRITICAL CONTEXTS OF THE SLOVAK STATE IN CONTEMPORARY VISUAL ART.&#8221; The exhibition can be viewed here until September 7, 2023. You can watch the video from opening of exhibition: https:\/\/youtu.be\/HBZg3_0QoBM Video:&nbsp;Dominik [&hellip;]<\/p>\n","protected":false},"author":4,"featured_media":524,"comment_status":"closed","ping_status":"closed","sticky":false,"template":"","format":"standard","meta":{"footnotes":""},"categories":[14],"tags":[],"class_list":["post-535","post","type-post","status-publish","format-standard","has-post-thumbnail","hentry","category-aktuality-en"],"acf":[],"_links":{"self":[{"href":"https:\/\/www.historydefinesourfuture.sk\/en\/wp-json\/wp\/v2\/posts\/535","targetHints":{"allow":["GET"]}}],"collection":[{"href":"https:\/\/www.historydefinesourfuture.sk\/en\/wp-json\/wp\/v2\/posts"}],"about":[{"href":"https:\/\/www.historydefinesourfuture.sk\/en\/wp-json\/wp\/v2\/types\/post"}],"author":[{"embeddable":true,"href":"https:\/\/www.historydefinesourfuture.sk\/en\/wp-json\/wp\/v2\/users\/4"}],"replies":[{"embeddable":true,"href":"https:\/\/www.historydefinesourfuture.sk\/en\/wp-json\/wp\/v2\/comments?post=535"}],"version-history":[{"count":1,"href":"https:\/\/www.historydefinesourfuture.sk\/en\/wp-json\/wp\/v2\/posts\/535\/revisions"}],"predecessor-version":[{"id":536,"href":"https:\/\/www.historydefinesourfuture.sk\/en\/wp-json\/wp\/v2\/posts\/535\/revisions\/536"}],"wp:featuredmedia":[{"embeddable":true,"href":"https:\/\/www.historydefinesourfuture.sk\/en\/wp-json\/wp\/v2\/media\/524"}],"wp:attachment":[{"href":"https:\/\/www.historydefinesourfuture.sk\/en\/wp-json\/wp\/v2\/media?parent=535"}],"wp:term":[{"taxonomy":"category","embeddable":true,"href":"https:\/\/www.historydefinesourfuture.sk\/en\/wp-json\/wp\/v2\/categories?post=535"},{"taxonomy":"post_tag","embeddable":true,"href":"https:\/\/www.historydefinesourfuture.sk\/en\/wp-json\/wp\/v2\/tags?post=535"}],"curies":[{"name":"wp","href":"https:\/\/api.w.org\/{rel}","templated":true}]}}