{"id":582,"date":"2024-04-17T13:03:45","date_gmt":"2024-04-17T13:03:45","guid":{"rendered":"https:\/\/www.historydefinesourfuture.sk\/?p=582"},"modified":"2024-04-17T13:03:46","modified_gmt":"2024-04-17T13:03:46","slug":"the-final-conference-slovak-and-norwegian-womens-stories-during-world-war-ii","status":"publish","type":"post","link":"https:\/\/www.historydefinesourfuture.sk\/en\/the-final-conference-slovak-and-norwegian-womens-stories-during-world-war-ii\/","title":{"rendered":"The Final Conference \u2013 Slovak and Norwegian women&#8217;s stories during World War II"},"content":{"rendered":"\n<p>Through short films produced by Post Bellum and the Norwegian Center for Holocaust and Minority Studies, we will introduce you to the documented stories of people who survived WWII and holocaust and their descendants. This will be followed by a discussion with the artists Marcel Mali\u0161, Filip Sabol and Mat\u00fa\u0161 Ma\u0165\u00e1tko, whose works also reflect the current political and social situation. The discussion will be led by Sandra Polovkov\u00e1, director of Post Bellum, and in addition to the artists, last but not least, will also discuss &#8211; Bohunka Koklesov\u00e1, director of V\u0160VU.<\/p>\n\n\n\n<figure class=\"wp-block-image size-full is-resized\"><img loading=\"lazy\" decoding=\"async\" width=\"600\" height=\"300\" src=\"https:\/\/www.historydefinesourfuture.sk\/wp-content\/uploads\/2024\/04\/PB-ZAVERECNA-600-X-300-MAILCHIMP.png\" alt=\"\" class=\"wp-image-578\" style=\"width:840px;height:auto\" srcset=\"https:\/\/www.historydefinesourfuture.sk\/wp-content\/uploads\/2024\/04\/PB-ZAVERECNA-600-X-300-MAILCHIMP.png 600w, https:\/\/www.historydefinesourfuture.sk\/wp-content\/uploads\/2024\/04\/PB-ZAVERECNA-600-X-300-MAILCHIMP-300x150.png 300w\" sizes=\"auto, (max-width: 600px) 100vw, 600px\" \/><\/figure>\n\n\n\n<p>The program:<br>Film screening:<br>Slovak: Alica Weiszfeiler (survivor of the Ravensbr\u00fcck and Bergen-Belsen concentration camps)<br>Norwegian: Nina F. Gr\u00fcnfeld (Norwegian film director, whose grandmother lived most of her life in today&#8217;s Slovakia)<\/p>\n\n\n\n<p>Discussion with artists:<br>Marcel Mali\u0161<br>Filip Sabol<br>Mat\u00fa\u0161 Mat\u00e1tko<br>Bohunka Koklesov\u00e1<\/p>\n\n\n\n<p>When: 25\/04\/2024 at 18:00<\/p>\n\n\n\n<p>Where: R\u00f3merov dom (Z\u00e1mo\u010dn\u00edcka 405, 811 03 Bratislava)<\/p>\n\n\n\n<p>Admission: free<\/p>\n\n\n\n<p>This event is the final conference of the project CLT03037 History defines our future.<\/p>\n\n\n\n<p>The project called HISTORY DEFINES OUR FUTURE is implemented within the framework of the programme \u201cEntrepreneurship in the field of culture, cultural heritage and cultural cooperation\u201d co-financed by the Financial Mechanism of the European Economic Area 2014-2021 and the state budget of the Slovak Republic. The programme manager is the Ministry of Investment, Regional Development and Informatization of the Slovak Republic.<\/p>\n","protected":false},"excerpt":{"rendered":"<p>Through short films produced by Post Bellum and the Norwegian Center for Holocaust and Minority Studies, we will introduce you to the documented stories of people who survived WWII and holocaust and their descendants. This will be followed by a discussion with the artists Marcel Mali\u0161, Filip Sabol and Mat\u00fa\u0161 Ma\u0165\u00e1tko, whose works also reflect [&hellip;]<\/p>\n","protected":false},"author":4,"featured_media":578,"comment_status":"closed","ping_status":"closed","sticky":false,"template":"","format":"standard","meta":{"footnotes":""},"categories":[14],"tags":[],"class_list":["post-582","post","type-post","status-publish","format-standard","has-post-thumbnail","hentry","category-aktuality-en"],"acf":[],"_links":{"self":[{"href":"https:\/\/www.historydefinesourfuture.sk\/en\/wp-json\/wp\/v2\/posts\/582","targetHints":{"allow":["GET"]}}],"collection":[{"href":"https:\/\/www.historydefinesourfuture.sk\/en\/wp-json\/wp\/v2\/posts"}],"about":[{"href":"https:\/\/www.historydefinesourfuture.sk\/en\/wp-json\/wp\/v2\/types\/post"}],"author":[{"embeddable":true,"href":"https:\/\/www.historydefinesourfuture.sk\/en\/wp-json\/wp\/v2\/users\/4"}],"replies":[{"embeddable":true,"href":"https:\/\/www.historydefinesourfuture.sk\/en\/wp-json\/wp\/v2\/comments?post=582"}],"version-history":[{"count":1,"href":"https:\/\/www.historydefinesourfuture.sk\/en\/wp-json\/wp\/v2\/posts\/582\/revisions"}],"predecessor-version":[{"id":583,"href":"https:\/\/www.historydefinesourfuture.sk\/en\/wp-json\/wp\/v2\/posts\/582\/revisions\/583"}],"wp:featuredmedia":[{"embeddable":true,"href":"https:\/\/www.historydefinesourfuture.sk\/en\/wp-json\/wp\/v2\/media\/578"}],"wp:attachment":[{"href":"https:\/\/www.historydefinesourfuture.sk\/en\/wp-json\/wp\/v2\/media?parent=582"}],"wp:term":[{"taxonomy":"category","embeddable":true,"href":"https:\/\/www.historydefinesourfuture.sk\/en\/wp-json\/wp\/v2\/categories?post=582"},{"taxonomy":"post_tag","embeddable":true,"href":"https:\/\/www.historydefinesourfuture.sk\/en\/wp-json\/wp\/v2\/tags?post=582"}],"curies":[{"name":"wp","href":"https:\/\/api.w.org\/{rel}","templated":true}]}}